{"id":2361,"date":"2021-08-28T14:28:21","date_gmt":"2021-08-28T14:28:21","guid":{"rendered":"https:\/\/landupplysingar.is\/nyja\/?p=2361"},"modified":"2021-10-26T15:44:09","modified_gmt":"2021-10-26T15:44:09","slug":"nu-verda-sagdar-frettir","status":"publish","type":"post","link":"https:\/\/landupplysingar.is\/index.php\/2021\/08\/28\/nu-verda-sagdar-frettir\/","title":{"rendered":"N\u00fa ver\u00f0a sag\u00f0ar fr\u00e9ttir"},"content":{"rendered":"\n<p>L\u00cdSA hefur n\u00fdveri\u00f0 teki\u00f0 \u00fe\u00e1 \u00e1kv\u00f6r\u00f0un a\u00f0 uppf\u00e6ra l\u00f3g\u00f3i\u00f0 sitt. Gamla l\u00f3g\u00f3i\u00f0 var hanna\u00f0 af Baldri Gr\u00e9tarsyni og f\u00e9kk hann fyrstu ver\u00f0laun \u00ed hugmyndasamkeppni um \u00fea\u00f0 sem haldin var \u00e1 t\u00edunda \u00e1ratugnum. \u00cd \u00fev\u00ed notast hann vi\u00f0 augam\u00f3t\u00edv me\u00f0 \u00cdsland sem augastein. <\/p>\n\n\n\n<p>N\u00fdtt l\u00f3g\u00f3 var hanna\u00f0 af \u00d3lafi J\u00f3nssyni og eigum vi\u00f0 honum \u00feakkir skyldar. \u00c1kve\u00f0i\u00f0 var a\u00f0 halda vi\u00f0 augam\u00f3t\u00edvi\u00f0 en litunum og l\u00ednunum a\u00f0eins breytt og L\u00cdSU letri\u00f0 gert a\u00f0eins sk\u00fdrara. <\/p>\n","protected":false},"excerpt":{"rendered":"<p>L\u00cdSA hefur n\u00fdveri\u00f0 teki\u00f0 \u00fe\u00e1 \u00e1kv\u00f6r\u00f0un a\u00f0 uppf\u00e6ra l\u00f3g\u00f3i\u00f0 sitt. Gamla l\u00f3g\u00f3i\u00f0 var hanna\u00f0 af Baldri Gr\u00e9tarsyni og f\u00e9kk hann fyrstu ver\u00f0laun \u00ed hugmyndasamkeppni um \u00fea\u00f0 sem haldin var \u00e1 t\u00edunda \u00e1ratugnum. \u00cd \u00fev\u00ed notast hann vi\u00f0 augam\u00f3t\u00edv me\u00f0 \u00cdsland sem augastein. N\u00fdtt l\u00f3g\u00f3 var hanna\u00f0 af \u00d3lafi J\u00f3nssyni og eigum vi\u00f0 honum \u00feakkir skyldar. [&hellip;]<\/p>\n","protected":false},"author":1,"featured_media":67,"comment_status":"closed","ping_status":"closed","sticky":false,"template":"","format":"standard","meta":{"_exactmetrics_skip_tracking":false,"_exactmetrics_sitenote_active":false,"_exactmetrics_sitenote_note":"","_exactmetrics_sitenote_category":0,"_uf_show_specific_survey":0,"_uf_disable_surveys":false,"footnotes":""},"categories":[4],"tags":[],"class_list":["post-2361","post","type-post","status-publish","format-standard","has-post-thumbnail","hentry","category-news"],"aioseo_notices":[],"_links":{"self":[{"href":"https:\/\/landupplysingar.is\/index.php\/wp-json\/wp\/v2\/posts\/2361","targetHints":{"allow":["GET"]}}],"collection":[{"href":"https:\/\/landupplysingar.is\/index.php\/wp-json\/wp\/v2\/posts"}],"about":[{"href":"https:\/\/landupplysingar.is\/index.php\/wp-json\/wp\/v2\/types\/post"}],"author":[{"embeddable":true,"href":"https:\/\/landupplysingar.is\/index.php\/wp-json\/wp\/v2\/users\/1"}],"replies":[{"embeddable":true,"href":"https:\/\/landupplysingar.is\/index.php\/wp-json\/wp\/v2\/comments?post=2361"}],"version-history":[{"count":5,"href":"https:\/\/landupplysingar.is\/index.php\/wp-json\/wp\/v2\/posts\/2361\/revisions"}],"predecessor-version":[{"id":3820,"href":"https:\/\/landupplysingar.is\/index.php\/wp-json\/wp\/v2\/posts\/2361\/revisions\/3820"}],"wp:featuredmedia":[{"embeddable":true,"href":"https:\/\/landupplysingar.is\/index.php\/wp-json\/wp\/v2\/media\/67"}],"wp:attachment":[{"href":"https:\/\/landupplysingar.is\/index.php\/wp-json\/wp\/v2\/media?parent=2361"}],"wp:term":[{"taxonomy":"category","embeddable":true,"href":"https:\/\/landupplysingar.is\/index.php\/wp-json\/wp\/v2\/categories?post=2361"},{"taxonomy":"post_tag","embeddable":true,"href":"https:\/\/landupplysingar.is\/index.php\/wp-json\/wp\/v2\/tags?post=2361"}],"curies":[{"name":"wp","href":"https:\/\/api.w.org\/{rel}","templated":true}]}}