{"id":3396,"date":"2021-06-01T12:10:00","date_gmt":"2021-06-01T12:10:00","guid":{"rendered":"https:\/\/landupplysingar.is\/nyja\/?p=3396"},"modified":"2021-10-26T15:47:57","modified_gmt":"2021-10-26T15:47:57","slug":"nyr-framkvaemdastjori-lisu","status":"publish","type":"post","link":"https:\/\/landupplysingar.is\/index.php\/2021\/06\/01\/nyr-framkvaemdastjori-lisu\/","title":{"rendered":"N\u00fdr framkv\u00e6mdastj\u00f3ri L\u00cdSU"},"content":{"rendered":"\n<p>Stj\u00f3rn L\u00cdSU samtakanna vill \u00feakka \u00deorbj\u00f6rgu Kjartansd\u00f3ttur, sem l\u00e6tur n\u00fa af st\u00f6rfum eftir fars\u00e6lan feril sem framkv\u00e6mdastj\u00f3ri samtakanna \u00ed 27 \u00e1r. Samt\u00f6kin L\u00cdSA voru n\u00fdlega stofnu\u00f0 \u00feegar \u00deorbj\u00f6rg h\u00f3f st\u00f6rf og hefur h\u00fan sta\u00f0i\u00f0 vaktina af elju og krafti \u00ed heimi \u00f6rra breytinga hvort sem \u00fea\u00f0 er h\u00e9rlendis e\u00f0a me\u00f0 systursamt\u00f6kum L\u00cdSU \u00e1 Nor\u00f0url\u00f6ndunum og \u00ed Evr\u00f3pu. Vi\u00f0 \u00f3skum \u00deorbj\u00f6rgu velfarna\u00f0ar \u00ed komandi verkefnum.<\/p>\n\n\n\n<p>Stj\u00f3rn L\u00edsu hefur r\u00e1\u00f0i\u00f0 \u00d3laf\u00edu E. Svansd\u00f3ttur sem framkv\u00e6mdastj\u00f3ra samtakanna og bj\u00f3\u00f0um vi\u00f0 hana velkomna til&nbsp;starfa.<\/p>\n\n\n\n<figure class=\"wp-block-image size-large is-style-rounded\"><img loading=\"lazy\" decoding=\"async\" width=\"1024\" height=\"576\" src=\"https:\/\/landupplysingar.is\/nyja\/wp-content\/uploads\/2021\/09\/Copy-of-GI-Norden-Board-members-2016-1536x864-1-1024x576.jpg\" alt=\"\" class=\"wp-image-3397\" srcset=\"https:\/\/landupplysingar.is\/wp-content\/uploads\/2021\/09\/Copy-of-GI-Norden-Board-members-2016-1536x864-1-1024x576.jpg 1024w, https:\/\/landupplysingar.is\/wp-content\/uploads\/2021\/09\/Copy-of-GI-Norden-Board-members-2016-1536x864-1-300x169.jpg 300w, https:\/\/landupplysingar.is\/wp-content\/uploads\/2021\/09\/Copy-of-GI-Norden-Board-members-2016-1536x864-1-768x432.jpg 768w, https:\/\/landupplysingar.is\/wp-content\/uploads\/2021\/09\/Copy-of-GI-Norden-Board-members-2016-1536x864-1.jpg 1536w\" sizes=\"auto, (max-width: 1024px) 100vw, 1024px\" \/><figcaption><em>\u00deorbj\u00f6rg \u00e1samt norr\u00e6num kollegum \u00ed GI Norden<\/em><\/figcaption><\/figure>\n","protected":false},"excerpt":{"rendered":"<p>Stj\u00f3rn L\u00cdSU samtakanna vill \u00feakka \u00deorbj\u00f6rgu Kjartansd\u00f3ttur, sem l\u00e6tur n\u00fa af st\u00f6rfum eftir fars\u00e6lan feril sem framkv\u00e6mdastj\u00f3ri samtakanna \u00ed 27 \u00e1r. Samt\u00f6kin L\u00cdSA voru n\u00fdlega stofnu\u00f0 \u00feegar \u00deorbj\u00f6rg h\u00f3f st\u00f6rf og hefur h\u00fan sta\u00f0i\u00f0 vaktina af elju og krafti \u00ed heimi \u00f6rra breytinga hvort sem \u00fea\u00f0 er h\u00e9rlendis e\u00f0a me\u00f0 systursamt\u00f6kum L\u00cdSU \u00e1 Nor\u00f0url\u00f6ndunum og [&hellip;]<\/p>\n","protected":false},"author":1,"featured_media":81,"comment_status":"closed","ping_status":"closed","sticky":false,"template":"","format":"standard","meta":{"_exactmetrics_skip_tracking":false,"_exactmetrics_sitenote_active":false,"_exactmetrics_sitenote_note":"","_exactmetrics_sitenote_category":0,"_uf_show_specific_survey":0,"_uf_disable_surveys":false,"footnotes":""},"categories":[1],"tags":[],"class_list":["post-3396","post","type-post","status-publish","format-standard","has-post-thumbnail","hentry","category-uncategorized"],"aioseo_notices":[],"_links":{"self":[{"href":"https:\/\/landupplysingar.is\/index.php\/wp-json\/wp\/v2\/posts\/3396","targetHints":{"allow":["GET"]}}],"collection":[{"href":"https:\/\/landupplysingar.is\/index.php\/wp-json\/wp\/v2\/posts"}],"about":[{"href":"https:\/\/landupplysingar.is\/index.php\/wp-json\/wp\/v2\/types\/post"}],"author":[{"embeddable":true,"href":"https:\/\/landupplysingar.is\/index.php\/wp-json\/wp\/v2\/users\/1"}],"replies":[{"embeddable":true,"href":"https:\/\/landupplysingar.is\/index.php\/wp-json\/wp\/v2\/comments?post=3396"}],"version-history":[{"count":3,"href":"https:\/\/landupplysingar.is\/index.php\/wp-json\/wp\/v2\/posts\/3396\/revisions"}],"predecessor-version":[{"id":3826,"href":"https:\/\/landupplysingar.is\/index.php\/wp-json\/wp\/v2\/posts\/3396\/revisions\/3826"}],"wp:featuredmedia":[{"embeddable":true,"href":"https:\/\/landupplysingar.is\/index.php\/wp-json\/wp\/v2\/media\/81"}],"wp:attachment":[{"href":"https:\/\/landupplysingar.is\/index.php\/wp-json\/wp\/v2\/media?parent=3396"}],"wp:term":[{"taxonomy":"category","embeddable":true,"href":"https:\/\/landupplysingar.is\/index.php\/wp-json\/wp\/v2\/categories?post=3396"},{"taxonomy":"post_tag","embeddable":true,"href":"https:\/\/landupplysingar.is\/index.php\/wp-json\/wp\/v2\/tags?post=3396"}],"curies":[{"name":"wp","href":"https:\/\/api.w.org\/{rel}","templated":true}]}}