{"id":3873,"date":"2021-11-29T14:10:31","date_gmt":"2021-11-29T14:10:31","guid":{"rendered":"https:\/\/landupplysingar.is\/?p=3873"},"modified":"2022-01-05T14:23:29","modified_gmt":"2022-01-05T14:23:29","slug":"covid-kort-landmaelinga","status":"publish","type":"post","link":"https:\/\/landupplysingar.is\/index.php\/2021\/11\/29\/covid-kort-landmaelinga\/","title":{"rendered":"Covid-kort Landm\u00e6linga"},"content":{"rendered":"\n<p>Landm\u00e6lingar hafa unni\u00f0 covid-kortasj\u00e1 \u00ed samvinnu me\u00f0 Kveik og birtist \u00fea\u00f0 \u00e1 r<a href=\"https:\/\/www.ruv.is\/kveikur\/covid\/\">uv.is\/kveikur\/covid.<\/a><\/p>\n\n\n\n<p>Uppl\u00fdsingar \u00e1 s\u00ed\u00f0unni byggjast \u00e1 g\u00f6gnum sem eru send \u00far smitsj\u00fakd\u00f3maskr\u00e1 s\u00f3ttvarnal\u00e6knis daglega og mi\u00f0ast vi\u00f0 st\u00f6\u00f0una klukkan sex a\u00f0 morgni. Smitsj\u00fakd\u00f3maskr\u00e1in er lifandi gagnagrunnur og \u00fev\u00ed geta uppl\u00fdsingar breyst aftur \u00ed t\u00edmann.<\/p>\n\n\n\n<figure class=\"wp-block-image size-large\"><img loading=\"lazy\" decoding=\"async\" width=\"1024\" height=\"607\" src=\"https:\/\/landupplysingar.is\/wp-content\/uploads\/2021\/11\/Screenshot-2021-11-29-at-14.10.08-1024x607.png\" alt=\"\" class=\"wp-image-3875\" srcset=\"https:\/\/landupplysingar.is\/wp-content\/uploads\/2021\/11\/Screenshot-2021-11-29-at-14.10.08-1024x607.png 1024w, https:\/\/landupplysingar.is\/wp-content\/uploads\/2021\/11\/Screenshot-2021-11-29-at-14.10.08-300x178.png 300w, https:\/\/landupplysingar.is\/wp-content\/uploads\/2021\/11\/Screenshot-2021-11-29-at-14.10.08-768x455.png 768w, https:\/\/landupplysingar.is\/wp-content\/uploads\/2021\/11\/Screenshot-2021-11-29-at-14.10.08-1536x910.png 1536w, https:\/\/landupplysingar.is\/wp-content\/uploads\/2021\/11\/Screenshot-2021-11-29-at-14.10.08-2048x1213.png 2048w\" sizes=\"auto, (max-width: 1024px) 100vw, 1024px\" \/><\/figure>\n","protected":false},"excerpt":{"rendered":"<p>Landm\u00e6lingar hafa unni\u00f0 covid-kortasj\u00e1 \u00ed samvinnu me\u00f0 Kveik og birtist \u00fea\u00f0 \u00e1 ruv.is\/kveikur\/covid. Uppl\u00fdsingar \u00e1 s\u00ed\u00f0unni byggjast \u00e1 g\u00f6gnum sem eru send \u00far smitsj\u00fakd\u00f3maskr\u00e1 s\u00f3ttvarnal\u00e6knis daglega og mi\u00f0ast vi\u00f0 st\u00f6\u00f0una klukkan sex a\u00f0 morgni. Smitsj\u00fakd\u00f3maskr\u00e1in er lifandi gagnagrunnur og \u00fev\u00ed geta uppl\u00fdsingar breyst aftur \u00ed t\u00edmann.<\/p>\n","protected":false},"author":1,"featured_media":3875,"comment_status":"closed","ping_status":"closed","sticky":false,"template":"","format":"standard","meta":{"_exactmetrics_skip_tracking":false,"_exactmetrics_sitenote_active":false,"_exactmetrics_sitenote_note":"","_exactmetrics_sitenote_category":0,"_uf_show_specific_survey":0,"_uf_disable_surveys":false,"footnotes":""},"categories":[4],"tags":[],"class_list":["post-3873","post","type-post","status-publish","format-standard","has-post-thumbnail","hentry","category-news"],"aioseo_notices":[],"_links":{"self":[{"href":"https:\/\/landupplysingar.is\/index.php\/wp-json\/wp\/v2\/posts\/3873","targetHints":{"allow":["GET"]}}],"collection":[{"href":"https:\/\/landupplysingar.is\/index.php\/wp-json\/wp\/v2\/posts"}],"about":[{"href":"https:\/\/landupplysingar.is\/index.php\/wp-json\/wp\/v2\/types\/post"}],"author":[{"embeddable":true,"href":"https:\/\/landupplysingar.is\/index.php\/wp-json\/wp\/v2\/users\/1"}],"replies":[{"embeddable":true,"href":"https:\/\/landupplysingar.is\/index.php\/wp-json\/wp\/v2\/comments?post=3873"}],"version-history":[{"count":5,"href":"https:\/\/landupplysingar.is\/index.php\/wp-json\/wp\/v2\/posts\/3873\/revisions"}],"predecessor-version":[{"id":3923,"href":"https:\/\/landupplysingar.is\/index.php\/wp-json\/wp\/v2\/posts\/3873\/revisions\/3923"}],"wp:featuredmedia":[{"embeddable":true,"href":"https:\/\/landupplysingar.is\/index.php\/wp-json\/wp\/v2\/media\/3875"}],"wp:attachment":[{"href":"https:\/\/landupplysingar.is\/index.php\/wp-json\/wp\/v2\/media?parent=3873"}],"wp:term":[{"taxonomy":"category","embeddable":true,"href":"https:\/\/landupplysingar.is\/index.php\/wp-json\/wp\/v2\/categories?post=3873"},{"taxonomy":"post_tag","embeddable":true,"href":"https:\/\/landupplysingar.is\/index.php\/wp-json\/wp\/v2\/tags?post=3873"}],"curies":[{"name":"wp","href":"https:\/\/api.w.org\/{rel}","templated":true}]}}