{"id":4171,"date":"2022-03-24T14:10:33","date_gmt":"2022-03-24T14:10:33","guid":{"rendered":"https:\/\/landupplysingar.is\/?p=4171"},"modified":"2022-03-24T14:10:34","modified_gmt":"2022-03-24T14:10:34","slug":"arcis-radstefna","status":"publish","type":"post","link":"https:\/\/landupplysingar.is\/index.php\/2022\/03\/24\/arcis-radstefna\/","title":{"rendered":"Arc\u00cds r\u00e1\u00f0stefna"},"content":{"rendered":"\n<p>L\u00cdSA vill vekja athygli \u00e1 Arc\u00cds r\u00e1\u00f0stefnu sem haldinn ver\u00f0ur \u00feann 31. mars \u00e1 H\u00f3tel Natura fr\u00e1 9-16:30. <\/p>\n\n\n\n<p>DAGSKR\u00c1 er sem h\u00e9r segir: <\/p>\n\n\n\n<p><strong>08:30 \u2013 09:00\u00a0 Skr\u00e1ning og m\u00f3ttaka<\/strong><\/p>\n\n\n\n<p><strong>09:00 \u2013 12:00&nbsp; Esri, Sams\u00fdn og samstarfsa\u00f0ilar<\/strong><\/p>\n\n\n\n<p>&nbsp; &nbsp; &nbsp; &nbsp; &nbsp; &nbsp; &nbsp; &nbsp; &nbsp; &nbsp; &nbsp; &nbsp; &nbsp; Esri \u00fer\u00f3un og s\u00fdn, Ian Koeppel fr\u00e1 Esri Evr\u00f3pu<\/p>\n\n\n\n<p>&nbsp; &nbsp; &nbsp; &nbsp; &nbsp; &nbsp; &nbsp; &nbsp; &nbsp; &nbsp; &nbsp; &nbsp; &nbsp; T\u00e6knilegar kynningar \u00e1 vegum Sams\u00fdnar<\/p>\n\n\n\n<p>&nbsp; &nbsp; &nbsp; &nbsp; &nbsp; &nbsp; &nbsp; &nbsp; &nbsp; &nbsp; &nbsp; &nbsp; &nbsp; Autodesk GeoBIM kynning<\/p>\n\n\n\n<p><br><strong>12:00 \u2013 13:00&nbsp; Matur a\u00f0 h\u00e6tti H\u00f3tel Natura<\/strong><\/p>\n\n\n\n<p><br><strong>13:00 \u2013 16:15&nbsp; Notendur<\/strong><\/p>\n\n\n\n<p>Reykjav\u00edkurborg \u00ed \u00fer\u00edv\u00eddd &#8211; \u00de\u00f3rarinn J\u00f3hannsson, Reykjav\u00edkurborg<\/p>\n\n\n\n<p>Snjallv\u00e6\u00f0ing gagna\u00f6flunar og mi\u00f0lunar, Atli Gu\u00f0j\u00f3nsson &amp; Sigmundur H. Brink &#8211; Landgr\u00e6\u00f0slan<\/p>\n\n\n\n<p><br>Landuppl\u00fdsingasvi\u00f0 hj\u00e1 Veitum &#8211; Valdimar \u00c1sbj\u00f6rn Kjartansson, Veitur<\/p>\n\n\n\n<p>Landuppl\u00fdsingar hj\u00e1 Faxafl\u00f3ah\u00f6fnum &#8211; \u00de\u00f3rd\u00eds Sigurgestsd\u00f3ttir, Faxafl\u00f3ahafnir<\/p>\n\n\n\n<p>V\u00f6ktun eldgossins \u00ed Fagradalsfjalli me\u00f0 t\u00e6kni myndm\u00e6linga &#8211; Birgir Vilhelm \u00d3skarsson, N\u00e1tt\u00farufr\u00e6\u00f0istofnun<\/p>\n\n\n\n<p>\u00a0Landuppl\u00fdsingar aukin skilvirkni og b\u00e6tt notendavi\u00f0m\u00f3t &#8211; Eva Di\u00f0riksd\u00f3ttir, Landsvirkjun<\/p>\n\n\n\n<p>Landuppl\u00fdsingar \u00ed K\u00f3pavogi &#8211; \u00c1sgeir Sveinsson, K\u00f3pavogsb\u00e6r<\/p>\n\n\n\n<p>Notagildi landuppl\u00fdsingakerfa \u00ed tengslum vi\u00f0 Geldingadalagosi\u00f0\u00a0 &#8211; Helga K. Torfad\u00f3ttir, doktorsnemi vi\u00f0 H\u00cd<\/p>\n\n\n\n<p><strong>16:15 \u2013 16:30&nbsp; R\u00e1\u00f0stefnulok<\/strong><br>&nbsp; &nbsp; &nbsp; &nbsp; &nbsp; &nbsp; &nbsp; &nbsp; &nbsp; &nbsp; &nbsp; &nbsp; &nbsp; Victorsver\u00f0launin afhent fyrir besta StoryMap.<\/p>\n\n\n\n<p>\u200b<\/p>\n\n\n\n<p><strong>HVAR:<\/strong>&nbsp;H\u00f3tel Natura, Nauth\u00f3lsvegi 52, 101 Reykjav\u00edk<\/p>\n\n\n\n<p><strong>SKR\u00c1NING:&nbsp;<\/strong>Sendu okkur uppl\u00fdsingar um nafn \u00fe\u00e1tttakanda og grei\u00f0anda \u00e1 netfangi\u00f0&nbsp;<strong><a href=\"mailto:arcis@samsyn.is\">arcis@samsyn.is<\/a><\/strong><br>&nbsp; &nbsp; &nbsp; &nbsp; &nbsp; &nbsp; &nbsp; &nbsp; &nbsp; &nbsp;<br><strong>Ver\u00f0 kr. 28.000<\/strong><\/p>\n\n\n\n<ul class=\"wp-block-list\"><li>Fyrirlesarar f\u00e1 fr\u00edtt \u00e1 r\u00e1\u00f0stefnu<\/li><li>Nemendur vi\u00f0 H\u00cd, HR, LBH\u00cd og LH\u00cd f\u00e1 50% afsl\u00e1tt<\/li><\/ul>\n","protected":false},"excerpt":{"rendered":"<p>L\u00cdSA vill vekja athygli \u00e1 Arc\u00cds r\u00e1\u00f0stefnu sem haldinn ver\u00f0ur \u00feann 31. mars \u00e1 H\u00f3tel Natura fr\u00e1 9-16:30. DAGSKR\u00c1 er sem h\u00e9r segir: 08:30 \u2013 09:00\u00a0 Skr\u00e1ning og m\u00f3ttaka 09:00 \u2013 12:00&nbsp; Esri, Sams\u00fdn og samstarfsa\u00f0ilar &nbsp; &nbsp; &nbsp; &nbsp; &nbsp; &nbsp; &nbsp; &nbsp; &nbsp; &nbsp; &nbsp; &nbsp; &nbsp; Esri \u00fer\u00f3un og s\u00fdn, Ian Koeppel [&hellip;]<\/p>\n","protected":false},"author":1,"featured_media":4164,"comment_status":"closed","ping_status":"closed","sticky":false,"template":"","format":"standard","meta":{"_exactmetrics_skip_tracking":false,"_exactmetrics_sitenote_active":false,"_exactmetrics_sitenote_note":"","_exactmetrics_sitenote_category":0,"_uf_show_specific_survey":0,"_uf_disable_surveys":false,"footnotes":""},"categories":[4],"tags":[],"class_list":["post-4171","post","type-post","status-publish","format-standard","has-post-thumbnail","hentry","category-news"],"aioseo_notices":[],"_links":{"self":[{"href":"https:\/\/landupplysingar.is\/index.php\/wp-json\/wp\/v2\/posts\/4171","targetHints":{"allow":["GET"]}}],"collection":[{"href":"https:\/\/landupplysingar.is\/index.php\/wp-json\/wp\/v2\/posts"}],"about":[{"href":"https:\/\/landupplysingar.is\/index.php\/wp-json\/wp\/v2\/types\/post"}],"author":[{"embeddable":true,"href":"https:\/\/landupplysingar.is\/index.php\/wp-json\/wp\/v2\/users\/1"}],"replies":[{"embeddable":true,"href":"https:\/\/landupplysingar.is\/index.php\/wp-json\/wp\/v2\/comments?post=4171"}],"version-history":[{"count":1,"href":"https:\/\/landupplysingar.is\/index.php\/wp-json\/wp\/v2\/posts\/4171\/revisions"}],"predecessor-version":[{"id":4172,"href":"https:\/\/landupplysingar.is\/index.php\/wp-json\/wp\/v2\/posts\/4171\/revisions\/4172"}],"wp:featuredmedia":[{"embeddable":true,"href":"https:\/\/landupplysingar.is\/index.php\/wp-json\/wp\/v2\/media\/4164"}],"wp:attachment":[{"href":"https:\/\/landupplysingar.is\/index.php\/wp-json\/wp\/v2\/media?parent=4171"}],"wp:term":[{"taxonomy":"category","embeddable":true,"href":"https:\/\/landupplysingar.is\/index.php\/wp-json\/wp\/v2\/categories?post=4171"},{"taxonomy":"post_tag","embeddable":true,"href":"https:\/\/landupplysingar.is\/index.php\/wp-json\/wp\/v2\/tags?post=4171"}],"curies":[{"name":"wp","href":"https:\/\/api.w.org\/{rel}","templated":true}]}}